{"id":114,"date":"2022-06-02T19:42:32","date_gmt":"2022-06-02T19:42:32","guid":{"rendered":"https:\/\/brassband-westfalen.de\/?p=114"},"modified":"2022-06-02T20:16:28","modified_gmt":"2022-06-02T20:16:28","slug":"konzerte-im-juni-2022","status":"publish","type":"post","link":"https:\/\/brassband-westfalen.de\/?p=114","title":{"rendered":"Konzerte im Juni 2022"},"content":{"rendered":"\n<p>Die Brass Band Westfalen ist wieder auf Tour! <\/p>\n\n\n\n<p>An folgenden Terminen k\u00f6nnen Sie uns live erleben:<\/p>\n\n\n\n<ul class=\"wp-block-list\"><li>Samstag, 11.06.2022, um 20:15 Uhr, auf dem M\u00fcnzenbergerplatz in Essen-Kettwig; im Rahmen des 10j\u00e4hrigen Jubil\u00e4ums Klangspur Kettwig<\/li><li>Sonntag, 12.06.2022, um 17:00 Uhr, auf dem Findeisen-Platz in L\u00f6hne; im Rahmen des BlasMusik-Festival der Musikschule der Stadt L\u00f6hne<\/li><\/ul>\n\n\n\n<p>Wir freuen uns, Sie wieder begr\u00fc\u00dfen zu d\u00fcrfen!<\/p>\n\n\n\n<p>Ihre Brass Band Westfalen e.V.<\/p>\n\n\n\n<div class=\"wp-block-columns is-layout-flex wp-container-core-columns-is-layout-9d6595d7 wp-block-columns-is-layout-flex\">\n<div class=\"wp-block-column is-layout-flow wp-block-column-is-layout-flow\" style=\"flex-basis:100%\">\n<figure class=\"wp-block-gallery has-nested-images columns-default is-cropped wp-block-gallery-1 is-layout-flex wp-block-gallery-is-layout-flex\">\n<figure class=\"wp-block-image size-large\"><img loading=\"lazy\" decoding=\"async\" width=\"724\" height=\"1024\" data-id=\"118\" src=\"https:\/\/brassband-westfalen.de\/wp-content\/uploads\/2022\/06\/WhatsApp-Image-2022-05-18-at-09.42.51-2-724x1024.jpeg\" alt=\"\" class=\"wp-image-118\" srcset=\"https:\/\/brassband-westfalen.de\/wp-content\/uploads\/2022\/06\/WhatsApp-Image-2022-05-18-at-09.42.51-2-724x1024.jpeg 724w, https:\/\/brassband-westfalen.de\/wp-content\/uploads\/2022\/06\/WhatsApp-Image-2022-05-18-at-09.42.51-2-212x300.jpeg 212w, https:\/\/brassband-westfalen.de\/wp-content\/uploads\/2022\/06\/WhatsApp-Image-2022-05-18-at-09.42.51-2-768x1086.jpeg 768w, https:\/\/brassband-westfalen.de\/wp-content\/uploads\/2022\/06\/WhatsApp-Image-2022-05-18-at-09.42.51-2-1086x1536.jpeg 1086w, https:\/\/brassband-westfalen.de\/wp-content\/uploads\/2022\/06\/WhatsApp-Image-2022-05-18-at-09.42.51-2.jpeg 1131w\" sizes=\"auto, (max-width: 724px) 100vw, 724px\" \/><\/figure>\n\n\n\n<figure class=\"wp-block-image size-large\"><img loading=\"lazy\" decoding=\"async\" width=\"424\" height=\"600\" data-id=\"119\" src=\"https:\/\/brassband-westfalen.de\/wp-content\/uploads\/2022\/06\/2955_7344_1_g.jpg\" alt=\"\" class=\"wp-image-119\" srcset=\"https:\/\/brassband-westfalen.de\/wp-content\/uploads\/2022\/06\/2955_7344_1_g.jpg 424w, https:\/\/brassband-westfalen.de\/wp-content\/uploads\/2022\/06\/2955_7344_1_g-212x300.jpg 212w\" sizes=\"auto, (max-width: 424px) 100vw, 424px\" \/><\/figure>\n<\/figure>\n<\/div>\n<\/div>\n","protected":false},"excerpt":{"rendered":"<p>Die Brass Band Westfalen ist wieder auf Tour! An folgenden Terminen k\u00f6nnen Sie uns live erleben: Samstag, 11.06.2022, um 20:15 Uhr, auf dem M\u00fcnzenbergerplatz in Essen-Kettwig; im Rahmen des 10j\u00e4hrigen Jubil\u00e4ums Klangspur Kettwig Sonntag, 12.06.2022, um 17:00 Uhr, auf dem Findeisen-Platz in L\u00f6hne; im Rahmen des BlasMusik-Festival der Musikschule der Stadt L\u00f6hne Wir freuen uns, &hellip; <\/p>\n<p class=\"link-more\"><a href=\"https:\/\/brassband-westfalen.de\/?p=114\" class=\"more-link\"><span class=\"screen-reader-text\">\u201eKonzerte im Juni 2022\u201c <\/span>weiterlesen<\/a><\/p>\n","protected":false},"author":2,"featured_media":0,"comment_status":"open","ping_status":"open","sticky":false,"template":"","format":"standard","meta":{"footnotes":""},"categories":[1],"tags":[4,6,7,5],"class_list":["post-114","post","type-post","status-publish","format-standard","hentry","category-uncategorized","tag-bbw","tag-brass-band","tag-brass-band-westfalen","tag-konzert"],"_links":{"self":[{"href":"https:\/\/brassband-westfalen.de\/index.php?rest_route=\/wp\/v2\/posts\/114","targetHints":{"allow":["GET"]}}],"collection":[{"href":"https:\/\/brassband-westfalen.de\/index.php?rest_route=\/wp\/v2\/posts"}],"about":[{"href":"https:\/\/brassband-westfalen.de\/index.php?rest_route=\/wp\/v2\/types\/post"}],"author":[{"embeddable":true,"href":"https:\/\/brassband-westfalen.de\/index.php?rest_route=\/wp\/v2\/users\/2"}],"replies":[{"embeddable":true,"href":"https:\/\/brassband-westfalen.de\/index.php?rest_route=%2Fwp%2Fv2%2Fcomments&post=114"}],"version-history":[{"count":4,"href":"https:\/\/brassband-westfalen.de\/index.php?rest_route=\/wp\/v2\/posts\/114\/revisions"}],"predecessor-version":[{"id":122,"href":"https:\/\/brassband-westfalen.de\/index.php?rest_route=\/wp\/v2\/posts\/114\/revisions\/122"}],"wp:attachment":[{"href":"https:\/\/brassband-westfalen.de\/index.php?rest_route=%2Fwp%2Fv2%2Fmedia&parent=114"}],"wp:term":[{"taxonomy":"category","embeddable":true,"href":"https:\/\/brassband-westfalen.de\/index.php?rest_route=%2Fwp%2Fv2%2Fcategories&post=114"},{"taxonomy":"post_tag","embeddable":true,"href":"https:\/\/brassband-westfalen.de\/index.php?rest_route=%2Fwp%2Fv2%2Ftags&post=114"}],"curies":[{"name":"wp","href":"https:\/\/api.w.org\/{rel}","templated":true}]}}