{"id":124,"date":"2023-08-21T19:05:49","date_gmt":"2023-08-21T19:05:49","guid":{"rendered":"https:\/\/brassband-westfalen.de\/?p=124"},"modified":"2023-08-21T19:05:49","modified_gmt":"2023-08-21T19:05:49","slug":"konzert-in-essen-kettwig","status":"publish","type":"post","link":"https:\/\/brassband-westfalen.de\/?p=124","title":{"rendered":"Konzert in Essen-Kettwig!"},"content":{"rendered":"\n<p>&#8222;The World of Brass Band&#8220; &#8211; in Kooperation mit der Folkwang Universit\u00e4t der K\u00fcnste!<\/p>\n\n\n\n<p>Freuen Sie sich auf kraftvollen und\u00a0authentischen\u00a0britischen Brass Sound unter Leitung von Prof. Chris Houlding von der Folkwang Universit\u00e4t der K\u00fcnste in Essen. Zwei H\u00e4lften voller\u00a0Klangwucht,\u00a0Original Brass Band Literatur,\u00a0Filmmusik\u00a0und Solos.<\/p>\n\n\n\n<p>Sonntag, den 27. August, um 18:00 Uhr<br>Ev. Kirche am Markt, Hauptstra\u00dfe 83, 45219 Essen-Kettwig<\/p>\n\n\n\n<p>Wir freuen uns, erneut in Essen-Kettwig konzertieren zu d\u00fcrfen!<\/p>\n\n\n\n<p>Ihre Brass Band Westfalen e.V.<\/p>\n\n\n\n<figure class=\"wp-block-image size-large\"><img loading=\"lazy\" decoding=\"async\" width=\"709\" height=\"1024\" src=\"https:\/\/brassband-westfalen.de\/wp-content\/uploads\/2023\/08\/WhatsApp-Image-2023-08-19-at-11.16.44-709x1024.jpg\" alt=\"\" class=\"wp-image-125\" srcset=\"https:\/\/brassband-westfalen.de\/wp-content\/uploads\/2023\/08\/WhatsApp-Image-2023-08-19-at-11.16.44-709x1024.jpg 709w, https:\/\/brassband-westfalen.de\/wp-content\/uploads\/2023\/08\/WhatsApp-Image-2023-08-19-at-11.16.44-208x300.jpg 208w, https:\/\/brassband-westfalen.de\/wp-content\/uploads\/2023\/08\/WhatsApp-Image-2023-08-19-at-11.16.44.jpg 720w\" sizes=\"auto, (max-width: 709px) 100vw, 709px\" \/><\/figure>\n","protected":false},"excerpt":{"rendered":"<p>&#8222;The World of Brass Band&#8220; &#8211; in Kooperation mit der Folkwang Universit\u00e4t der K\u00fcnste! Freuen Sie sich auf kraftvollen und\u00a0authentischen\u00a0britischen Brass Sound unter Leitung von Prof. Chris Houlding von der Folkwang Universit\u00e4t der K\u00fcnste in Essen. Zwei H\u00e4lften voller\u00a0Klangwucht,\u00a0Original Brass Band Literatur,\u00a0Filmmusik\u00a0und Solos. Sonntag, den 27. August, um 18:00 UhrEv. Kirche am Markt, Hauptstra\u00dfe 83, &hellip; <\/p>\n<p class=\"link-more\"><a href=\"https:\/\/brassband-westfalen.de\/?p=124\" class=\"more-link\"><span class=\"screen-reader-text\">\u201eKonzert in Essen-Kettwig!\u201c <\/span>weiterlesen<\/a><\/p>\n","protected":false},"author":2,"featured_media":0,"comment_status":"open","ping_status":"open","sticky":false,"template":"","format":"standard","meta":{"footnotes":""},"categories":[1],"tags":[4,6,7,8,5],"class_list":["post-124","post","type-post","status-publish","format-standard","hentry","category-uncategorized","tag-bbw","tag-brass-band","tag-brass-band-westfalen","tag-essen-kettwig","tag-konzert"],"_links":{"self":[{"href":"https:\/\/brassband-westfalen.de\/index.php?rest_route=\/wp\/v2\/posts\/124","targetHints":{"allow":["GET"]}}],"collection":[{"href":"https:\/\/brassband-westfalen.de\/index.php?rest_route=\/wp\/v2\/posts"}],"about":[{"href":"https:\/\/brassband-westfalen.de\/index.php?rest_route=\/wp\/v2\/types\/post"}],"author":[{"embeddable":true,"href":"https:\/\/brassband-westfalen.de\/index.php?rest_route=\/wp\/v2\/users\/2"}],"replies":[{"embeddable":true,"href":"https:\/\/brassband-westfalen.de\/index.php?rest_route=%2Fwp%2Fv2%2Fcomments&post=124"}],"version-history":[{"count":3,"href":"https:\/\/brassband-westfalen.de\/index.php?rest_route=\/wp\/v2\/posts\/124\/revisions"}],"predecessor-version":[{"id":129,"href":"https:\/\/brassband-westfalen.de\/index.php?rest_route=\/wp\/v2\/posts\/124\/revisions\/129"}],"wp:attachment":[{"href":"https:\/\/brassband-westfalen.de\/index.php?rest_route=%2Fwp%2Fv2%2Fmedia&parent=124"}],"wp:term":[{"taxonomy":"category","embeddable":true,"href":"https:\/\/brassband-westfalen.de\/index.php?rest_route=%2Fwp%2Fv2%2Fcategories&post=124"},{"taxonomy":"post_tag","embeddable":true,"href":"https:\/\/brassband-westfalen.de\/index.php?rest_route=%2Fwp%2Fv2%2Ftags&post=124"}],"curies":[{"name":"wp","href":"https:\/\/api.w.org\/{rel}","templated":true}]}}